{"id":920,"date":"2022-02-22T16:13:53","date_gmt":"2022-02-22T16:13:53","guid":{"rendered":"https:\/\/sangregorio.edu.ec\/observatoriociudadano\/?p=920"},"modified":"2022-03-23T17:57:20","modified_gmt":"2022-03-23T17:57:20","slug":"manabi-y-esmeraldas-cuentan-con-la-primera-red-de-observatorios-del-pais","status":"publish","type":"post","link":"https:\/\/sangregorio.edu.ec\/observatoriociudadano\/2022\/02\/22\/manabi-y-esmeraldas-cuentan-con-la-primera-red-de-observatorios-del-pais\/","title":{"rendered":"Manab\u00ed y Esmeraldas cuentan con la primera Red de Observatorios del pa\u00eds"},"content":{"rendered":"\t<div id=\"text-3495381318\" class=\"text\">\n\t\t\n<p><span style=\"font-size: 75%;\">En la firma del convenio estuvieron representantes y autoridades de las Universidades que conforman la Red de Observatorios.<\/span><\/p>\n\t\t\n<style>\n#text-3495381318 {\n  font-size: 0.9rem;\n}\n<\/style>\n\t<\/div>\n\t\n\t<div id=\"gap-158768631\" class=\"gap-element clearfix\" style=\"display:block; height:auto;\">\n\t\t\n<style>\n#gap-158768631 {\n  padding-top: 28px;\n}\n<\/style>\n\t<\/div>\n\t\n<p>En el marco de la visita de la delegaci\u00f3n de la Uni\u00f3n Europea a los cantones de Manab\u00ed y Esmeraldas intervenidos por la iniciativa Hacia Comunidades Resilientes- META, tuvo lugar el acto de formalizaci\u00f3n de la primera Red de Observatorios Ciudadanos del pa\u00eds, a trav\u00e9s de la firma de un convenio de cooperaci\u00f3n institucional.<\/p>\n<p>La Universidad San Gregorio de Portoviejo, la Universidad Laica Eloy Alfaro, la Universidad Estatal del Sur de Manab\u00ed, y la Universidad T\u00e9cnica Luis Vargas Torres de Esmeraldas son las entidades acad\u00e9micas que conforman la Red.<\/p>\n<p>Este esfuerzo, impulsado por la iniciativa META, nace como una propuesta de la academia para levantar, recolectar, sistematizar y analizar informaci\u00f3n para codesarrollar investigaciones\u00a0acad\u00e9micas de alto nivel para la gesti\u00f3n del conocimiento de manera colaborativa.<\/p>\n<p>Con la firma de este convenio se busca contribuir al fortalecimiento del rol de la academia como un actor que incide en la pol\u00edtica p\u00fablica de Manab\u00ed y Esmeraldas.<\/p>\n<p>Este espacio acad\u00e9mico potenciar\u00e1 el empoderamiento ciudadano, a trav\u00e9s del an\u00e1lisis, seguimiento y monitoreo a las pol\u00edticas p\u00fablicas y procesos de reconstrucci\u00f3n y reactivaci\u00f3n productiva tras el terremoto del 2016, sumados a la implementaci\u00f3n de mecanismos de participaci\u00f3n ciudadana y la creaci\u00f3n de espacios de di\u00e1logo.<\/p>\n<p>La Red se articula con el trabajo investigativo previo del Observatorio Ciudadano de la Universidad San Gregorio de Portoviejo, que con la asesor\u00eda t\u00e9cnica de FARO gener\u00f3 varios an\u00e1lisis e informes:<\/p>\n<ul>\n<li>Resiliencia y reactivaci\u00f3n \u00bfQu\u00e9 mismo pas\u00f3 en Manab\u00ed? Informe de Seguimiento a la Agenda de Reactivaci\u00f3n Econ\u00f3mica y Productiva. 2020.<\/li>\n<li>Midiendo la resiliencia. Caso pesca artesanal en Manta y Portoviejo. Segundo informe de Seguimiento a la Agenda de Reactivaci\u00f3n Econ\u00f3mica y Productiva 2021.<\/li>\n<li>Despu\u00e9s de dos emergencias: efectos del terremoto y la pandemia en la situaci\u00f3n laboral y empresarial de Manab\u00ed 2021.<\/li>\n<li>Estado de situaci\u00f3n del comercio aut\u00f3nomo ubicado en la calle Alahuela de Portoviejo &#8211; Manab\u00ed.<\/li>\n<\/ul>\n<p>Adem\u00e1s, desarrollaron tres procesos formativos con la participaci\u00f3n de m\u00e1s de 250 representantes de universidades, organizaciones de la sociedad civil y Gobiernos Aut\u00f3nomos Descentralizados y cre\u00f3 un micrositio de georreferenciaci\u00f3n con informaci\u00f3n de los proyectos ejecutados en el marco de la reconstrucci\u00f3n y reactivaci\u00f3n productiva post terremoto.<\/p>\n\t<div id=\"gap-48892595\" class=\"gap-element clearfix\" style=\"display:block; height:auto;\">\n\t\t\n<style>\n#gap-48892595 {\n  padding-top: 36px;\n}\n<\/style>\n\t<\/div>\n\t\n\t<div id=\"text-550863669\" class=\"text\">\n\t\t\n<p>Conoce m\u00e1s de la firma del convenio de formalizaci\u00f3n de la Red de Observatorios Ciudadanos en el siguiente video:<br \/>\n\t\t\n<style>\n#text-550863669 {\n  font-size: 1.15rem;\n  line-height: 2.05;\n}\n<\/style>\n\t<\/div>\n\t\n\t<div class=\"img has-hover x md-x lg-x y md-y lg-y\" id=\"image_662433143\">\n\t\t<a class=\"\" href=\"https:\/\/www.facebook.com\/watch\/?v=1024489038421694\"  >\t\t\t\t\t\t<div class=\"img-inner dark\" >\n\t\t\t<img loading=\"lazy\" decoding=\"async\" width=\"1020\" height=\"574\" src=\"https:\/\/sangregorio.edu.ec\/observatoriociudadano\/wp-content\/uploads\/2022\/03\/Noticia-1024x576.png\" class=\"attachment-large size-large\" alt=\"\" srcset=\"https:\/\/sangregorio.edu.ec\/observatoriociudadano\/wp-content\/uploads\/2022\/03\/Noticia-1024x576.png 1024w, https:\/\/sangregorio.edu.ec\/observatoriociudadano\/wp-content\/uploads\/2022\/03\/Noticia-300x169.png 300w, https:\/\/sangregorio.edu.ec\/observatoriociudadano\/wp-content\/uploads\/2022\/03\/Noticia-768x432.png 768w, https:\/\/sangregorio.edu.ec\/observatoriociudadano\/wp-content\/uploads\/2022\/03\/Noticia-1536x864.png 1536w, https:\/\/sangregorio.edu.ec\/observatoriociudadano\/wp-content\/uploads\/2022\/03\/Noticia-600x338.png 600w, https:\/\/sangregorio.edu.ec\/observatoriociudadano\/wp-content\/uploads\/2022\/03\/Noticia.png 1920w\" sizes=\"auto, (max-width: 1020px) 100vw, 1020px\" \/>\t\t\t\t\t\t\n\t\t\t\t\t<\/div>\n\t\t\t\t\t\t<\/a>\t\t\n<style>\n#image_662433143 {\n  width: 100%;\n}\n<\/style>\n\t<\/div>\n\t\n","protected":false},"excerpt":{"rendered":"<p>En el marco de la visita de la delegaci\u00f3n de la Uni\u00f3n Europea a los cantones de Manab\u00ed y Esmeraldas intervenidos por la iniciativa Hacia Comunidades Resilientes- META, tuvo lugar el acto de formalizaci\u00f3n de la primera Red de Observatorios Ciudadanos del pa\u00eds, a trav\u00e9s de la firma de un convenio de cooperaci\u00f3n institucional. La [&#8230;]\n","protected":false},"author":1,"featured_media":930,"comment_status":"open","ping_status":"open","sticky":false,"template":"","format":"standard","meta":{"footnotes":""},"categories":[20,19],"tags":[21,26,27,22],"class_list":["post-920","post","type-post","status-publish","format-standard","has-post-thumbnail","hentry","category-comunidad","category-noticias","tag-comunidad","tag-meta","tag-observatorio-ciudadano","tag-resiliente"],"acf":[],"_links":{"self":[{"href":"https:\/\/sangregorio.edu.ec\/observatoriociudadano\/wp-json\/wp\/v2\/posts\/920","targetHints":{"allow":["GET"]}}],"collection":[{"href":"https:\/\/sangregorio.edu.ec\/observatoriociudadano\/wp-json\/wp\/v2\/posts"}],"about":[{"href":"https:\/\/sangregorio.edu.ec\/observatoriociudadano\/wp-json\/wp\/v2\/types\/post"}],"author":[{"embeddable":true,"href":"https:\/\/sangregorio.edu.ec\/observatoriociudadano\/wp-json\/wp\/v2\/users\/1"}],"replies":[{"embeddable":true,"href":"https:\/\/sangregorio.edu.ec\/observatoriociudadano\/wp-json\/wp\/v2\/comments?post=920"}],"version-history":[{"count":14,"href":"https:\/\/sangregorio.edu.ec\/observatoriociudadano\/wp-json\/wp\/v2\/posts\/920\/revisions"}],"predecessor-version":[{"id":936,"href":"https:\/\/sangregorio.edu.ec\/observatoriociudadano\/wp-json\/wp\/v2\/posts\/920\/revisions\/936"}],"wp:featuredmedia":[{"embeddable":true,"href":"https:\/\/sangregorio.edu.ec\/observatoriociudadano\/wp-json\/wp\/v2\/media\/930"}],"wp:attachment":[{"href":"https:\/\/sangregorio.edu.ec\/observatoriociudadano\/wp-json\/wp\/v2\/media?parent=920"}],"wp:term":[{"taxonomy":"category","embeddable":true,"href":"https:\/\/sangregorio.edu.ec\/observatoriociudadano\/wp-json\/wp\/v2\/categories?post=920"},{"taxonomy":"post_tag","embeddable":true,"href":"https:\/\/sangregorio.edu.ec\/observatoriociudadano\/wp-json\/wp\/v2\/tags?post=920"}],"curies":[{"name":"wp","href":"https:\/\/api.w.org\/{rel}","templated":true}]}}