{"id":808,"date":"2021-11-28T17:05:58","date_gmt":"2021-11-28T17:05:58","guid":{"rendered":"https:\/\/intelecta.ec\/comunidadresiliente\/?p=808"},"modified":"2022-01-26T17:10:41","modified_gmt":"2022-01-26T17:10:41","slug":"webinar-ciudadania-activa-nuestra-experiencia-de-participacion","status":"publish","type":"post","link":"https:\/\/sangregorio.edu.ec\/observatoriociudadano\/2021\/11\/28\/webinar-ciudadania-activa-nuestra-experiencia-de-participacion\/","title":{"rendered":"Webinar: \u201cCiudadan\u00eda activa, nuestra experiencia de participaci\u00f3n\u201d"},"content":{"rendered":"<p>El pr\u00f3ximo jueves 9 de diciembre, a partir de las 15h00 tendr\u00e1 lugar el webinar: \u201cCiudadan\u00eda activa, nuestra experiencia de participaci\u00f3n\u201d. En este espacio se desarrollar\u00e1 un intercambio de experiencias y se dar\u00e1n a conocer los avances y resultados del trabajo colaborativo de las organizaciones sociales participantes de la iniciativa META.<\/p>\n\t<div class=\"img has-hover x md-x lg-x y md-y lg-y\" id=\"image_1188756454\">\n\t\t\t\t\t\t\t\t<div class=\"img-inner dark\" >\n\t\t\t<img loading=\"lazy\" decoding=\"async\" width=\"768\" height=\"585\" src=\"https:\/\/sangregorio.edu.ec\/observatoriociudadano\/wp-content\/uploads\/2022\/01\/Captura-de-Pantalla-2021-11-22-a-las-14.43.46-768x585-1.png\" class=\"attachment-original size-original\" alt=\"\" srcset=\"https:\/\/sangregorio.edu.ec\/observatoriociudadano\/wp-content\/uploads\/2022\/01\/Captura-de-Pantalla-2021-11-22-a-las-14.43.46-768x585-1.png 768w, https:\/\/sangregorio.edu.ec\/observatoriociudadano\/wp-content\/uploads\/2022\/01\/Captura-de-Pantalla-2021-11-22-a-las-14.43.46-768x585-1-300x229.png 300w, https:\/\/sangregorio.edu.ec\/observatoriociudadano\/wp-content\/uploads\/2022\/01\/Captura-de-Pantalla-2021-11-22-a-las-14.43.46-768x585-1-600x457.png 600w\" sizes=\"auto, (max-width: 768px) 100vw, 768px\" \/>\t\t\t\t\t\t\n\t\t\t\t\t<\/div>\n\t\t\t\t\t\t\t\t\n<style>\n#image_1188756454 {\n  width: 100%;\n}\n<\/style>\n\t<\/div>\n\t\n<p>El evento se transmitir\u00e1 por las redes sociales de FARO, Fundaci\u00f3n Esquel, Fundaci\u00f3n Somos Ecuador y Asociaci\u00f3n Paz y Desarrollo.<\/p>\n","protected":false},"excerpt":{"rendered":"<p>El pr\u00f3ximo jueves 9 de diciembre, a partir de las 15h00 tendr\u00e1 lugar el webinar: \u201cCiudadan\u00eda activa, nuestra experiencia de participaci\u00f3n\u201d. En este espacio se desarrollar\u00e1 un intercambio de experiencias y se dar\u00e1n a conocer los avances y resultados del trabajo colaborativo de las organizaciones sociales participantes de la iniciativa META. El evento se transmitir\u00e1 [&#8230;]\n","protected":false},"author":1,"featured_media":809,"comment_status":"closed","ping_status":"open","sticky":false,"template":"","format":"standard","meta":{"footnotes":""},"categories":[20,19],"tags":[],"class_list":["post-808","post","type-post","status-publish","format-standard","has-post-thumbnail","hentry","category-comunidad","category-noticias"],"acf":[],"_links":{"self":[{"href":"https:\/\/sangregorio.edu.ec\/observatoriociudadano\/wp-json\/wp\/v2\/posts\/808","targetHints":{"allow":["GET"]}}],"collection":[{"href":"https:\/\/sangregorio.edu.ec\/observatoriociudadano\/wp-json\/wp\/v2\/posts"}],"about":[{"href":"https:\/\/sangregorio.edu.ec\/observatoriociudadano\/wp-json\/wp\/v2\/types\/post"}],"author":[{"embeddable":true,"href":"https:\/\/sangregorio.edu.ec\/observatoriociudadano\/wp-json\/wp\/v2\/users\/1"}],"replies":[{"embeddable":true,"href":"https:\/\/sangregorio.edu.ec\/observatoriociudadano\/wp-json\/wp\/v2\/comments?post=808"}],"version-history":[{"count":3,"href":"https:\/\/sangregorio.edu.ec\/observatoriociudadano\/wp-json\/wp\/v2\/posts\/808\/revisions"}],"predecessor-version":[{"id":813,"href":"https:\/\/sangregorio.edu.ec\/observatoriociudadano\/wp-json\/wp\/v2\/posts\/808\/revisions\/813"}],"wp:featuredmedia":[{"embeddable":true,"href":"https:\/\/sangregorio.edu.ec\/observatoriociudadano\/wp-json\/wp\/v2\/media\/809"}],"wp:attachment":[{"href":"https:\/\/sangregorio.edu.ec\/observatoriociudadano\/wp-json\/wp\/v2\/media?parent=808"}],"wp:term":[{"taxonomy":"category","embeddable":true,"href":"https:\/\/sangregorio.edu.ec\/observatoriociudadano\/wp-json\/wp\/v2\/categories?post=808"},{"taxonomy":"post_tag","embeddable":true,"href":"https:\/\/sangregorio.edu.ec\/observatoriociudadano\/wp-json\/wp\/v2\/tags?post=808"}],"curies":[{"name":"wp","href":"https:\/\/api.w.org\/{rel}","templated":true}]}}