{"id":392,"date":"2020-01-16T21:26:37","date_gmt":"2020-01-16T21:26:37","guid":{"rendered":"https:\/\/intelecta.ec\/comunidadresiliente\/?p=392"},"modified":"2022-01-26T17:10:41","modified_gmt":"2022-01-26T17:10:41","slug":"programa-de-capacitacion-a-miembros-del-observatorio-ciudadano-taller-presencial-marca-el-inicio-del-modulo-de-seguimiento-y-evaluacion-de-politicas-publicas","status":"publish","type":"post","link":"https:\/\/sangregorio.edu.ec\/observatoriociudadano\/2020\/01\/16\/programa-de-capacitacion-a-miembros-del-observatorio-ciudadano-taller-presencial-marca-el-inicio-del-modulo-de-seguimiento-y-evaluacion-de-politicas-publicas\/","title":{"rendered":"Programa de Capacitaci\u00f3n a miembros del Observatorio Ciudadano: Taller Presencial marca el inicio del M\u00f3dulo de Seguimiento y Evaluaci\u00f3n de Pol\u00edticas P\u00fablicas"},"content":{"rendered":"<p>Esta actividad inici\u00f3 con un taller introductorio el 15 de enero del presente a\u00f1o y se dictar\u00e1 hasta febrero, mes en el que finalizar\u00e1 el primer ciclo de capacitaci\u00f3n que se dict\u00f3 durante este semestre acad\u00e9mico en la Universidad San Gregorio de Portoviejo. En el periodo acad\u00e9mico 2020 \u2013 2021 se dictar\u00e1n tres m\u00f3dulos m\u00e1s, para que los miembros del Observatorio cuenten con las herramientas t\u00e9cnicas necesarias en la ejecuci\u00f3n del proceso de seguimiento y evaluaci\u00f3n de las pol\u00edticas p\u00fablicas priorizadas en el marco de la agenda de reactivaci\u00f3n econ\u00f3mica productiva.<\/p>\n","protected":false},"excerpt":{"rendered":"<p>Esta actividad inici\u00f3 con un taller introductorio el 15 de enero del presente a\u00f1o y se dictar\u00e1 hasta febrero, mes en el que finalizar\u00e1 el primer ciclo de capacitaci\u00f3n que se dict\u00f3 durante este semestre acad\u00e9mico en la Universidad San Gregorio de Portoviejo. En el periodo acad\u00e9mico 2020 \u2013 2021 se dictar\u00e1n tres m\u00f3dulos m\u00e1s, [&#8230;]\n","protected":false},"author":1,"featured_media":720,"comment_status":"closed","ping_status":"open","sticky":false,"template":"","format":"standard","meta":{"footnotes":""},"categories":[20,19],"tags":[21,22],"class_list":["post-392","post","type-post","status-publish","format-standard","has-post-thumbnail","hentry","category-comunidad","category-noticias","tag-comunidad","tag-resiliente"],"acf":[],"_links":{"self":[{"href":"https:\/\/sangregorio.edu.ec\/observatoriociudadano\/wp-json\/wp\/v2\/posts\/392","targetHints":{"allow":["GET"]}}],"collection":[{"href":"https:\/\/sangregorio.edu.ec\/observatoriociudadano\/wp-json\/wp\/v2\/posts"}],"about":[{"href":"https:\/\/sangregorio.edu.ec\/observatoriociudadano\/wp-json\/wp\/v2\/types\/post"}],"author":[{"embeddable":true,"href":"https:\/\/sangregorio.edu.ec\/observatoriociudadano\/wp-json\/wp\/v2\/users\/1"}],"replies":[{"embeddable":true,"href":"https:\/\/sangregorio.edu.ec\/observatoriociudadano\/wp-json\/wp\/v2\/comments?post=392"}],"version-history":[{"count":15,"href":"https:\/\/sangregorio.edu.ec\/observatoriociudadano\/wp-json\/wp\/v2\/posts\/392\/revisions"}],"predecessor-version":[{"id":814,"href":"https:\/\/sangregorio.edu.ec\/observatoriociudadano\/wp-json\/wp\/v2\/posts\/392\/revisions\/814"}],"wp:featuredmedia":[{"embeddable":true,"href":"https:\/\/sangregorio.edu.ec\/observatoriociudadano\/wp-json\/wp\/v2\/media\/720"}],"wp:attachment":[{"href":"https:\/\/sangregorio.edu.ec\/observatoriociudadano\/wp-json\/wp\/v2\/media?parent=392"}],"wp:term":[{"taxonomy":"category","embeddable":true,"href":"https:\/\/sangregorio.edu.ec\/observatoriociudadano\/wp-json\/wp\/v2\/categories?post=392"},{"taxonomy":"post_tag","embeddable":true,"href":"https:\/\/sangregorio.edu.ec\/observatoriociudadano\/wp-json\/wp\/v2\/tags?post=392"}],"curies":[{"name":"wp","href":"https:\/\/api.w.org\/{rel}","templated":true}]}}