{"id":388,"date":"2019-10-16T21:25:18","date_gmt":"2019-10-16T21:25:18","guid":{"rendered":"https:\/\/intelecta.ec\/comunidadresiliente\/?p=388"},"modified":"2022-01-26T17:10:41","modified_gmt":"2022-01-26T17:10:41","slug":"proyecto-hacia-comunidades-resilientes-realiza-lanzamiento-oficial-del-observatorio-ciudadano-de-manabi","status":"publish","type":"post","link":"https:\/\/sangregorio.edu.ec\/observatoriociudadano\/2019\/10\/16\/proyecto-hacia-comunidades-resilientes-realiza-lanzamiento-oficial-del-observatorio-ciudadano-de-manabi\/","title":{"rendered":"Proyecto \u201cHacia Comunidades Resilientes\u201d realiza lanzamiento oficial del Observatorio Ciudadano de Manab\u00ed"},"content":{"rendered":"<p>El pasado 15 de octubre, en el auditorio N\u00b01 de la Universidad Particular San Gregorio de Portoviejo, se realiz\u00f3 el lanzamiento del Observatorio Ciudadano de Manab\u00ed, en el marco de la ejecuci\u00f3n del proyecto \u201cHacia Comunidades Resilientes\u201d ejecutado por Grupo FARO, Fundaci\u00f3n Esquel, el GAD cantonal de Portoviejo y la Universidad San Gregorio.<\/p>\n<p>Este espacio de participaci\u00f3n ciudadana est\u00e1 conformado por estudiantes y docentes de la universidad y organizaciones de la sociedad civil de Portoviejo, Manta, Sucre y San Vicente. Mediante el dise\u00f1o de metodolog\u00edas, el Observatorio realizar\u00e1 el seguimiento de tres pol\u00edticas p\u00fablicas enmarcadas en la agenda de reactivaci\u00f3n productiva. Los resultados se dar\u00e1n a conocer a trav\u00e9s de la publicaci\u00f3n del primer informe de seguimiento.<\/p>\n","protected":false},"excerpt":{"rendered":"<p>El pasado 15 de octubre, en el auditorio N\u00b01 de la Universidad Particular San Gregorio de Portoviejo, se realiz\u00f3 el lanzamiento del Observatorio Ciudadano de Manab\u00ed, en el marco de la ejecuci\u00f3n del proyecto \u201cHacia Comunidades Resilientes\u201d ejecutado por Grupo FARO, Fundaci\u00f3n Esquel, el GAD cantonal de Portoviejo y la Universidad San Gregorio. Este espacio [&#8230;]\n","protected":false},"author":1,"featured_media":389,"comment_status":"closed","ping_status":"open","sticky":false,"template":"","format":"standard","meta":{"footnotes":""},"categories":[20,19],"tags":[],"class_list":["post-388","post","type-post","status-publish","format-standard","has-post-thumbnail","hentry","category-comunidad","category-noticias"],"acf":[],"_links":{"self":[{"href":"https:\/\/sangregorio.edu.ec\/observatoriociudadano\/wp-json\/wp\/v2\/posts\/388","targetHints":{"allow":["GET"]}}],"collection":[{"href":"https:\/\/sangregorio.edu.ec\/observatoriociudadano\/wp-json\/wp\/v2\/posts"}],"about":[{"href":"https:\/\/sangregorio.edu.ec\/observatoriociudadano\/wp-json\/wp\/v2\/types\/post"}],"author":[{"embeddable":true,"href":"https:\/\/sangregorio.edu.ec\/observatoriociudadano\/wp-json\/wp\/v2\/users\/1"}],"replies":[{"embeddable":true,"href":"https:\/\/sangregorio.edu.ec\/observatoriociudadano\/wp-json\/wp\/v2\/comments?post=388"}],"version-history":[{"count":3,"href":"https:\/\/sangregorio.edu.ec\/observatoriociudadano\/wp-json\/wp\/v2\/posts\/388\/revisions"}],"predecessor-version":[{"id":778,"href":"https:\/\/sangregorio.edu.ec\/observatoriociudadano\/wp-json\/wp\/v2\/posts\/388\/revisions\/778"}],"wp:featuredmedia":[{"embeddable":true,"href":"https:\/\/sangregorio.edu.ec\/observatoriociudadano\/wp-json\/wp\/v2\/media\/389"}],"wp:attachment":[{"href":"https:\/\/sangregorio.edu.ec\/observatoriociudadano\/wp-json\/wp\/v2\/media?parent=388"}],"wp:term":[{"taxonomy":"category","embeddable":true,"href":"https:\/\/sangregorio.edu.ec\/observatoriociudadano\/wp-json\/wp\/v2\/categories?post=388"},{"taxonomy":"post_tag","embeddable":true,"href":"https:\/\/sangregorio.edu.ec\/observatoriociudadano\/wp-json\/wp\/v2\/tags?post=388"}],"curies":[{"name":"wp","href":"https:\/\/api.w.org\/{rel}","templated":true}]}}