{"id":377,"date":"2020-09-10T21:11:34","date_gmt":"2020-09-10T21:11:34","guid":{"rendered":"https:\/\/intelecta.ec\/comunidadresiliente\/?p=377"},"modified":"2022-01-26T17:10:41","modified_gmt":"2022-01-26T17:10:41","slug":"iniciativa-comunidades-resilientes-en-manabi-culmina-el-primer-modulo-del-proceso-de-formacion-resiliencia-el-camino-a-sobreponernos-aprender-y-mejorar","status":"publish","type":"post","link":"https:\/\/sangregorio.edu.ec\/observatoriociudadano\/2020\/09\/10\/iniciativa-comunidades-resilientes-en-manabi-culmina-el-primer-modulo-del-proceso-de-formacion-resiliencia-el-camino-a-sobreponernos-aprender-y-mejorar\/","title":{"rendered":"Iniciativa \u201cComunidades Resilientes en Manab\u00ed\u201d culmina el primer m\u00f3dulo del proceso de formaci\u00f3n \u201cResiliencia, el camino a sobreponernos, aprender y mejorar\u201d"},"content":{"rendered":"<p>Participantes del programa de formaci\u00f3n \u201cResiliencia, El Camino A Sobreponernos, Aprender Y Mejorar\u201d, realizan una actividad interactiva en el marco del segundo taller virtual del M\u00f3dulo 1 Como parte del proceso de fortalecimiento de las capacidades ciudadanas para dar seguimiento a las pol\u00edticas p\u00fablicas, el Observatorio Ciudadano de Manab\u00ed culmin\u00f3 el primer m\u00f3dulo del proceso de formaci\u00f3n. Con la participaci\u00f3n de m\u00e1s de 100 representantes de organizaciones de la sociedad civil, academia, instituciones p\u00fablicas y organizaciones no gubernamentales. En este m\u00f3dulo, se abordaron temas relacionados con el concepto de resiliencia, los elementos que la constituyen, y la generaci\u00f3n de propuestas para fortalecer la resiliencia territorial. El segundo m\u00f3dulo, que inici\u00f3 en agosto, trata la tem\u00e1tica de la incidencia de la participaci\u00f3n ciudadana en los ciclos de la pol\u00edtica p\u00fablica.<\/p>\n","protected":false},"excerpt":{"rendered":"<p>Participantes del programa de formaci\u00f3n \u201cResiliencia, El Camino A Sobreponernos, Aprender Y Mejorar\u201d, realizan una actividad interactiva en el marco del segundo taller virtual del M\u00f3dulo 1 Como parte del proceso de fortalecimiento de las capacidades ciudadanas para dar seguimiento a las pol\u00edticas p\u00fablicas, el Observatorio Ciudadano de Manab\u00ed culmin\u00f3 el primer m\u00f3dulo del proceso [&#8230;]\n","protected":false},"author":1,"featured_media":378,"comment_status":"closed","ping_status":"open","sticky":false,"template":"","format":"standard","meta":{"footnotes":""},"categories":[20,19],"tags":[],"class_list":["post-377","post","type-post","status-publish","format-standard","has-post-thumbnail","hentry","category-comunidad","category-noticias"],"acf":[],"_links":{"self":[{"href":"https:\/\/sangregorio.edu.ec\/observatoriociudadano\/wp-json\/wp\/v2\/posts\/377","targetHints":{"allow":["GET"]}}],"collection":[{"href":"https:\/\/sangregorio.edu.ec\/observatoriociudadano\/wp-json\/wp\/v2\/posts"}],"about":[{"href":"https:\/\/sangregorio.edu.ec\/observatoriociudadano\/wp-json\/wp\/v2\/types\/post"}],"author":[{"embeddable":true,"href":"https:\/\/sangregorio.edu.ec\/observatoriociudadano\/wp-json\/wp\/v2\/users\/1"}],"replies":[{"embeddable":true,"href":"https:\/\/sangregorio.edu.ec\/observatoriociudadano\/wp-json\/wp\/v2\/comments?post=377"}],"version-history":[{"count":1,"href":"https:\/\/sangregorio.edu.ec\/observatoriociudadano\/wp-json\/wp\/v2\/posts\/377\/revisions"}],"predecessor-version":[{"id":379,"href":"https:\/\/sangregorio.edu.ec\/observatoriociudadano\/wp-json\/wp\/v2\/posts\/377\/revisions\/379"}],"wp:featuredmedia":[{"embeddable":true,"href":"https:\/\/sangregorio.edu.ec\/observatoriociudadano\/wp-json\/wp\/v2\/media\/378"}],"wp:attachment":[{"href":"https:\/\/sangregorio.edu.ec\/observatoriociudadano\/wp-json\/wp\/v2\/media?parent=377"}],"wp:term":[{"taxonomy":"category","embeddable":true,"href":"https:\/\/sangregorio.edu.ec\/observatoriociudadano\/wp-json\/wp\/v2\/categories?post=377"},{"taxonomy":"post_tag","embeddable":true,"href":"https:\/\/sangregorio.edu.ec\/observatoriociudadano\/wp-json\/wp\/v2\/tags?post=377"}],"curies":[{"name":"wp","href":"https:\/\/api.w.org\/{rel}","templated":true}]}}