{"id":374,"date":"2019-12-20T21:09:14","date_gmt":"2019-12-20T21:09:14","guid":{"rendered":"https:\/\/intelecta.ec\/comunidadresiliente\/?p=374"},"modified":"2022-01-26T17:10:41","modified_gmt":"2022-01-26T17:10:41","slug":"el-ciclo-de-la-politica-publica-fue-el-tema-central-del-segundo-taller-presencial-del-observatorio-ciudadano-de-manabi","status":"publish","type":"post","link":"https:\/\/sangregorio.edu.ec\/observatoriociudadano\/2019\/12\/20\/el-ciclo-de-la-politica-publica-fue-el-tema-central-del-segundo-taller-presencial-del-observatorio-ciudadano-de-manabi\/","title":{"rendered":"\u201cEl Ciclo de la Pol\u00edtica P\u00fablica\u201d fue el tema central del Segundo Taller Presencial del Observatorio Ciudadano de Manab\u00ed"},"content":{"rendered":"<p>El 16 y 17 de diciembre de 2019, con la presencia de m\u00e1s de 60 miembros del Observatorio Ciudadano de Manab\u00ed, se realiz\u00f3 el taller presencial del segundo m\u00f3dulo de capacitaci\u00f3n. Los asistentes, mediante un proceso te\u00f3rico-pr\u00e1ctico aprendieron a reconocer los ciclos de la pol\u00edtica p\u00fablica, sus caracter\u00edsticas y su relaci\u00f3n con las herramientas de monitoreo y evaluaci\u00f3n.<\/p>\n","protected":false},"excerpt":{"rendered":"<p>El 16 y 17 de diciembre de 2019, con la presencia de m\u00e1s de 60 miembros del Observatorio Ciudadano de Manab\u00ed, se realiz\u00f3 el taller presencial del segundo m\u00f3dulo de capacitaci\u00f3n. Los asistentes, mediante un proceso te\u00f3rico-pr\u00e1ctico aprendieron a reconocer los ciclos de la pol\u00edtica p\u00fablica, sus caracter\u00edsticas y su relaci\u00f3n con las herramientas de [&#8230;]\n","protected":false},"author":1,"featured_media":375,"comment_status":"closed","ping_status":"open","sticky":false,"template":"","format":"standard","meta":{"footnotes":""},"categories":[20,19],"tags":[],"class_list":["post-374","post","type-post","status-publish","format-standard","has-post-thumbnail","hentry","category-comunidad","category-noticias"],"acf":[],"_links":{"self":[{"href":"https:\/\/sangregorio.edu.ec\/observatoriociudadano\/wp-json\/wp\/v2\/posts\/374","targetHints":{"allow":["GET"]}}],"collection":[{"href":"https:\/\/sangregorio.edu.ec\/observatoriociudadano\/wp-json\/wp\/v2\/posts"}],"about":[{"href":"https:\/\/sangregorio.edu.ec\/observatoriociudadano\/wp-json\/wp\/v2\/types\/post"}],"author":[{"embeddable":true,"href":"https:\/\/sangregorio.edu.ec\/observatoriociudadano\/wp-json\/wp\/v2\/users\/1"}],"replies":[{"embeddable":true,"href":"https:\/\/sangregorio.edu.ec\/observatoriociudadano\/wp-json\/wp\/v2\/comments?post=374"}],"version-history":[{"count":1,"href":"https:\/\/sangregorio.edu.ec\/observatoriociudadano\/wp-json\/wp\/v2\/posts\/374\/revisions"}],"predecessor-version":[{"id":376,"href":"https:\/\/sangregorio.edu.ec\/observatoriociudadano\/wp-json\/wp\/v2\/posts\/374\/revisions\/376"}],"wp:featuredmedia":[{"embeddable":true,"href":"https:\/\/sangregorio.edu.ec\/observatoriociudadano\/wp-json\/wp\/v2\/media\/375"}],"wp:attachment":[{"href":"https:\/\/sangregorio.edu.ec\/observatoriociudadano\/wp-json\/wp\/v2\/media?parent=374"}],"wp:term":[{"taxonomy":"category","embeddable":true,"href":"https:\/\/sangregorio.edu.ec\/observatoriociudadano\/wp-json\/wp\/v2\/categories?post=374"},{"taxonomy":"post_tag","embeddable":true,"href":"https:\/\/sangregorio.edu.ec\/observatoriociudadano\/wp-json\/wp\/v2\/tags?post=374"}],"curies":[{"name":"wp","href":"https:\/\/api.w.org\/{rel}","templated":true}]}}