{"id":371,"date":"2021-11-04T21:07:43","date_gmt":"2021-11-04T21:07:43","guid":{"rendered":"https:\/\/intelecta.ec\/comunidadresiliente\/?p=371"},"modified":"2022-01-26T17:10:41","modified_gmt":"2022-01-26T17:10:41","slug":"presencial-de-investigacion-y-redaccion-cientifica","status":"publish","type":"post","link":"https:\/\/sangregorio.edu.ec\/observatoriociudadano\/2021\/11\/04\/presencial-de-investigacion-y-redaccion-cientifica\/","title":{"rendered":"Presencial de Investigaci\u00f3n y Redacci\u00f3n Cient\u00edfica"},"content":{"rendered":"<p>Como parte del programa de formaci\u00f3n y capacitaci\u00f3n a los miembros del Observatorio Ciudadano de Manab\u00ed, tuvo lugar el taller presencial del m\u00f3dulo de Investigaci\u00f3n y Redacci\u00f3n Cient\u00edfica, durante dos jornadas, entre el 30 y 31 de octubre pasado.<\/p>\n<p>Este m\u00f3dulo fue dictado por el equipo de Grupo FARO, con el apoyo del equipo de docentes investigadores de la Universidad San Gregorio de Portoviejo, y cont\u00f3 con la participaci\u00f3n de estudiantes de las carreras de Derecho, Comunicaci\u00f3n, Arquitectura y Finanzas, quienes fortalecieron sus conocimientos en t\u00e9cnicas de investigaci\u00f3n y redacci\u00f3n de documentos t\u00e9cnicos y cient\u00edficos.<\/p>\n","protected":false},"excerpt":{"rendered":"<p>Como parte del programa de formaci\u00f3n y capacitaci\u00f3n a los miembros del Observatorio Ciudadano de Manab\u00ed, tuvo lugar el taller presencial del m\u00f3dulo de Investigaci\u00f3n y Redacci\u00f3n Cient\u00edfica, durante dos jornadas, entre el 30 y 31 de octubre pasado. Este m\u00f3dulo fue dictado por el equipo de Grupo FARO, con el apoyo del equipo de [&#8230;]\n","protected":false},"author":1,"featured_media":372,"comment_status":"closed","ping_status":"open","sticky":false,"template":"","format":"standard","meta":{"footnotes":""},"categories":[20,19],"tags":[],"class_list":["post-371","post","type-post","status-publish","format-standard","has-post-thumbnail","hentry","category-comunidad","category-noticias"],"acf":[],"_links":{"self":[{"href":"https:\/\/sangregorio.edu.ec\/observatoriociudadano\/wp-json\/wp\/v2\/posts\/371","targetHints":{"allow":["GET"]}}],"collection":[{"href":"https:\/\/sangregorio.edu.ec\/observatoriociudadano\/wp-json\/wp\/v2\/posts"}],"about":[{"href":"https:\/\/sangregorio.edu.ec\/observatoriociudadano\/wp-json\/wp\/v2\/types\/post"}],"author":[{"embeddable":true,"href":"https:\/\/sangregorio.edu.ec\/observatoriociudadano\/wp-json\/wp\/v2\/users\/1"}],"replies":[{"embeddable":true,"href":"https:\/\/sangregorio.edu.ec\/observatoriociudadano\/wp-json\/wp\/v2\/comments?post=371"}],"version-history":[{"count":1,"href":"https:\/\/sangregorio.edu.ec\/observatoriociudadano\/wp-json\/wp\/v2\/posts\/371\/revisions"}],"predecessor-version":[{"id":373,"href":"https:\/\/sangregorio.edu.ec\/observatoriociudadano\/wp-json\/wp\/v2\/posts\/371\/revisions\/373"}],"wp:featuredmedia":[{"embeddable":true,"href":"https:\/\/sangregorio.edu.ec\/observatoriociudadano\/wp-json\/wp\/v2\/media\/372"}],"wp:attachment":[{"href":"https:\/\/sangregorio.edu.ec\/observatoriociudadano\/wp-json\/wp\/v2\/media?parent=371"}],"wp:term":[{"taxonomy":"category","embeddable":true,"href":"https:\/\/sangregorio.edu.ec\/observatoriociudadano\/wp-json\/wp\/v2\/categories?post=371"},{"taxonomy":"post_tag","embeddable":true,"href":"https:\/\/sangregorio.edu.ec\/observatoriociudadano\/wp-json\/wp\/v2\/tags?post=371"}],"curies":[{"name":"wp","href":"https:\/\/api.w.org\/{rel}","templated":true}]}}