{"id":367,"date":"2020-08-22T21:03:30","date_gmt":"2020-08-22T21:03:30","guid":{"rendered":"https:\/\/intelecta.ec\/comunidadresiliente\/?p=367"},"modified":"2022-01-26T17:10:41","modified_gmt":"2022-01-26T17:10:41","slug":"la-situacion-economica-y-productiva-de-manabi-tras-el-terremoto-es-analizada-en-el-informe-resiliencia-y-reactivacion-que-mismo-paso-en-manabi","status":"publish","type":"post","link":"https:\/\/sangregorio.edu.ec\/observatoriociudadano\/2020\/08\/22\/la-situacion-economica-y-productiva-de-manabi-tras-el-terremoto-es-analizada-en-el-informe-resiliencia-y-reactivacion-que-mismo-paso-en-manabi\/","title":{"rendered":"La situaci\u00f3n econ\u00f3mica y productiva de Manab\u00ed tras el terremoto, es analizada en el informe \u201cResiliencia y Reactivaci\u00f3n, \u00bfQu\u00e9 mismo pas\u00f3 en Manab\u00ed?\u201d"},"content":{"rendered":"<p>En el marco del proyecto <strong>\u201cHacia Comunidades Resilientes en Manab\u00ed\u201d<\/strong> y como parte del accionar del Observatorio Ciudadano liderado por Grupo Faro y la Universidad San Gregorio de Portoviejo, el 19 de agosto se realiz\u00f3 la presentaci\u00f3n del Primer Informe de Seguimiento a la Agenda de Reactivaci\u00f3n Productiva y Econ\u00f3mica de las zonas afectadas por el terremoto del pasado 16 de abril de 2016.<\/p>\n<p>El Informe denominado <strong>\u201cResiliencia y Reactivaci\u00f3n, \u00bfQu\u00e9 mismo pas\u00f3 en Manab\u00ed?\u201d<\/strong>, analiza el avance en la implementaci\u00f3n de la Agenda de Reactivaci\u00f3n Productiva y Econ\u00f3mica, con el fin de transparentar para la ciudadan\u00eda la informaci\u00f3n de los proyectos ejecutados en la provincia; adem\u00e1s presenta una propuesta metodol\u00f3gica para analizar los impactos de estos avances en la generaci\u00f3n de capacidades resilientes a nivel local.<\/p>\n<p>Los resultados de esta publicaci\u00f3n, concluyen que la Agenda de Reactivaci\u00f3n que deb\u00eda ser pensada como un instrumento para superar las deficiencias y tensiones territoriales como efectos del terremoto, se limit\u00f3 a realizar acciones de planificaci\u00f3n e infraestructura productiva que no fueron ejecutadas eficientemente a nivel intersectorial.<\/p>\n<p>La Agenda de Reactivaci\u00f3n tuvo avances limitados que no fomentaron ni la generaci\u00f3n de cadenas productivas funcionales y pertinentes, ni la promoci\u00f3n de mejora continua a nivel local para atraer inversiones, ni el acceso a mecanismos de financiamiento oportunos y pertinentes, lo que se evidencia en los resultados del seguimiento a los tres objetivos priorizados por actores de la sociedad civil y la academia: Valor Agregado Local, Infraestructura Productiva y Promoci\u00f3n de Inversiones, y Turismo. Con informaci\u00f3n disponible a marzo de 2020, se analizaron 11 de las 16 metas de la Agenda de Reactivaci\u00f3n Econ\u00f3mica; del total de metas analizadas, 7, que equivalen al 64%, obtuvieron una valoraci\u00f3n de \u201cno satisfactorio\u201d, 2 metas m\u00e1s que representan el 18% fueron calificadas como \u201csatisfactorias\u201d, y 1 meta recibi\u00f3 la calificaci\u00f3n de \u201cmedianamente satisfactorio\u201d. La meta restante no pudo ser valorada al tener cambios en su l\u00ednea base.<\/p>\n<p>Para acceder al documento completo puede dirigirse al siguiente enlace: <a href=\"https:\/\/grupofaro.org\/portfolio\/resiliencia-y-reactivacionque-mismo-paso-en-manabi\/\">Clic Aqu\u00ed<\/a><\/p>\n","protected":false},"excerpt":{"rendered":"<p>En el marco del proyecto \u201cHacia Comunidades Resilientes en Manab\u00ed\u201d y como parte del accionar del Observatorio Ciudadano liderado por Grupo Faro y la Universidad San Gregorio de Portoviejo, el 19 de agosto se realiz\u00f3 la presentaci\u00f3n del Primer Informe de Seguimiento a la Agenda de Reactivaci\u00f3n Productiva y Econ\u00f3mica de las zonas afectadas por [&#8230;]\n","protected":false},"author":1,"featured_media":368,"comment_status":"closed","ping_status":"open","sticky":false,"template":"","format":"standard","meta":{"footnotes":""},"categories":[20,19],"tags":[],"class_list":["post-367","post","type-post","status-publish","format-standard","has-post-thumbnail","hentry","category-comunidad","category-noticias"],"acf":[],"_links":{"self":[{"href":"https:\/\/sangregorio.edu.ec\/observatoriociudadano\/wp-json\/wp\/v2\/posts\/367","targetHints":{"allow":["GET"]}}],"collection":[{"href":"https:\/\/sangregorio.edu.ec\/observatoriociudadano\/wp-json\/wp\/v2\/posts"}],"about":[{"href":"https:\/\/sangregorio.edu.ec\/observatoriociudadano\/wp-json\/wp\/v2\/types\/post"}],"author":[{"embeddable":true,"href":"https:\/\/sangregorio.edu.ec\/observatoriociudadano\/wp-json\/wp\/v2\/users\/1"}],"replies":[{"embeddable":true,"href":"https:\/\/sangregorio.edu.ec\/observatoriociudadano\/wp-json\/wp\/v2\/comments?post=367"}],"version-history":[{"count":5,"href":"https:\/\/sangregorio.edu.ec\/observatoriociudadano\/wp-json\/wp\/v2\/posts\/367\/revisions"}],"predecessor-version":[{"id":783,"href":"https:\/\/sangregorio.edu.ec\/observatoriociudadano\/wp-json\/wp\/v2\/posts\/367\/revisions\/783"}],"wp:featuredmedia":[{"embeddable":true,"href":"https:\/\/sangregorio.edu.ec\/observatoriociudadano\/wp-json\/wp\/v2\/media\/368"}],"wp:attachment":[{"href":"https:\/\/sangregorio.edu.ec\/observatoriociudadano\/wp-json\/wp\/v2\/media?parent=367"}],"wp:term":[{"taxonomy":"category","embeddable":true,"href":"https:\/\/sangregorio.edu.ec\/observatoriociudadano\/wp-json\/wp\/v2\/categories?post=367"},{"taxonomy":"post_tag","embeddable":true,"href":"https:\/\/sangregorio.edu.ec\/observatoriociudadano\/wp-json\/wp\/v2\/tags?post=367"}],"curies":[{"name":"wp","href":"https:\/\/api.w.org\/{rel}","templated":true}]}}