{"id":231,"date":"2021-06-20T02:21:33","date_gmt":"2021-06-20T02:21:33","guid":{"rendered":"https:\/\/intelecta.ec\/comunidadresiliente\/?p=231"},"modified":"2022-01-26T17:10:41","modified_gmt":"2022-01-26T17:10:41","slug":"hacia-comunidades-resilientes-meta-participo-en-la-construccion-del-plan-nacional-de-desarrollo-2021-2025","status":"publish","type":"post","link":"https:\/\/sangregorio.edu.ec\/observatoriociudadano\/2021\/06\/20\/hacia-comunidades-resilientes-meta-participo-en-la-construccion-del-plan-nacional-de-desarrollo-2021-2025\/","title":{"rendered":"Hacia Comunidades Resilientes \u2013 META particip\u00f3 en la construcci\u00f3n del Plan Nacional de Desarrollo 2021- 2025"},"content":{"rendered":"<p>En las \u00faltimas semanas tuvo lugar la Mesa Virtual de Participaci\u00f3n con enfoque econ\u00f3mico, implementada para la construcci\u00f3n participativa del Plan Nacional de Desarrollo\u00a0(PND) 2021-2025. Esta actividad\u00a0 fue convocada por la Coordinaci\u00f3n Zonal 4 de la Secretar\u00eda Nacional de Planificaci\u00f3n, Planifica Ecuador, y reuni\u00f3 a delegados de diversas organizaciones y sectores de Santo Domingo de los Ts\u00e1chilas y Manab\u00ed, entre los que se destacan: la Universidad San Gregorio de Portoviejo, el Colectivo Unidos por Portoviejo,\u00a0 Asoproarambu y la Mesa Ciudadana Intercantonal de Manab\u00ed,\u00a0 organizaciones que son parte de la iniciativa Hacia Comunidades Resilientes \u2013 META.<\/p>\n<p>Las tem\u00e1ticas abordadas en este espacio fueron: salud, educaci\u00f3n, discriminaci\u00f3n y vulnerabilidad, deporte, cultura, ruralidad, entre otras. Como parte de la metodolog\u00eda, los asistentes identificaron problem\u00e1ticas de los sectores u organizaciones a los que representan; despu\u00e9s, propusieron posibles acciones que contribuyan a su soluci\u00f3n.<\/p>\n<p>Planifica Ecuador recoger\u00e1 los aportes de todas las mesas virtuales,\u00a0 los que ser\u00e1n sistematizados, priorizados e incluidos en el m\u00e1ximo instrumento de planificaci\u00f3n como lo es el Plan Nacional de Desarrollo que regir\u00e1 para los pr\u00f3ximos cuatro a\u00f1os.<\/p>\n","protected":false},"excerpt":{"rendered":"<p>En las \u00faltimas semanas tuvo lugar la Mesa Virtual de Participaci\u00f3n con enfoque econ\u00f3mico, implementada para la construcci\u00f3n participativa del Plan Nacional de Desarrollo\u00a0(PND) 2021-2025. Esta actividad\u00a0 fue convocada por la Coordinaci\u00f3n Zonal 4 de la Secretar\u00eda Nacional de Planificaci\u00f3n, Planifica Ecuador, y reuni\u00f3 a delegados de diversas organizaciones y sectores de Santo Domingo de [&#8230;]\n","protected":false},"author":1,"featured_media":226,"comment_status":"closed","ping_status":"open","sticky":false,"template":"","format":"standard","meta":{"footnotes":""},"categories":[20,19],"tags":[],"class_list":["post-231","post","type-post","status-publish","format-standard","has-post-thumbnail","hentry","category-comunidad","category-noticias"],"acf":[],"_links":{"self":[{"href":"https:\/\/sangregorio.edu.ec\/observatoriociudadano\/wp-json\/wp\/v2\/posts\/231","targetHints":{"allow":["GET"]}}],"collection":[{"href":"https:\/\/sangregorio.edu.ec\/observatoriociudadano\/wp-json\/wp\/v2\/posts"}],"about":[{"href":"https:\/\/sangregorio.edu.ec\/observatoriociudadano\/wp-json\/wp\/v2\/types\/post"}],"author":[{"embeddable":true,"href":"https:\/\/sangregorio.edu.ec\/observatoriociudadano\/wp-json\/wp\/v2\/users\/1"}],"replies":[{"embeddable":true,"href":"https:\/\/sangregorio.edu.ec\/observatoriociudadano\/wp-json\/wp\/v2\/comments?post=231"}],"version-history":[{"count":1,"href":"https:\/\/sangregorio.edu.ec\/observatoriociudadano\/wp-json\/wp\/v2\/posts\/231\/revisions"}],"predecessor-version":[{"id":237,"href":"https:\/\/sangregorio.edu.ec\/observatoriociudadano\/wp-json\/wp\/v2\/posts\/231\/revisions\/237"}],"wp:featuredmedia":[{"embeddable":true,"href":"https:\/\/sangregorio.edu.ec\/observatoriociudadano\/wp-json\/wp\/v2\/media\/226"}],"wp:attachment":[{"href":"https:\/\/sangregorio.edu.ec\/observatoriociudadano\/wp-json\/wp\/v2\/media?parent=231"}],"wp:term":[{"taxonomy":"category","embeddable":true,"href":"https:\/\/sangregorio.edu.ec\/observatoriociudadano\/wp-json\/wp\/v2\/categories?post=231"},{"taxonomy":"post_tag","embeddable":true,"href":"https:\/\/sangregorio.edu.ec\/observatoriociudadano\/wp-json\/wp\/v2\/tags?post=231"}],"curies":[{"name":"wp","href":"https:\/\/api.w.org\/{rel}","templated":true}]}}