{"id":225,"date":"2021-06-11T02:17:49","date_gmt":"2021-06-11T02:17:49","guid":{"rendered":"https:\/\/intelecta.ec\/comunidadresiliente\/?p=225"},"modified":"2022-01-26T17:15:31","modified_gmt":"2022-01-26T17:15:31","slug":"embajador-de-la-union-europea-visita-iniciativas-del-proyecto-meta-en-manabi","status":"publish","type":"post","link":"https:\/\/sangregorio.edu.ec\/observatoriociudadano\/2021\/06\/11\/embajador-de-la-union-europea-visita-iniciativas-del-proyecto-meta-en-manabi\/","title":{"rendered":"Embajador de la Uni\u00f3n Europea visita iniciativas del Proyecto META en Manab\u00ed"},"content":{"rendered":"\t<div class=\"img has-hover x md-x lg-x y md-y lg-y\" id=\"image_2144229037\">\n\t\t<a class=\"\" href=\"https:\/\/www.facebook.com\/MesaCiudadanaEc\/posts\/342056164205818\"  >\t\t\t\t\t\t<div class=\"img-inner dark\" >\n\t\t\t<img loading=\"lazy\" decoding=\"async\" width=\"1020\" height=\"503\" src=\"https:\/\/sangregorio.edu.ec\/observatoriociudadano\/wp-content\/uploads\/2021\/10\/michael-09-1024x505-1.jpg\" class=\"attachment-large size-large\" alt=\"\" srcset=\"https:\/\/sangregorio.edu.ec\/observatoriociudadano\/wp-content\/uploads\/2021\/10\/michael-09-1024x505-1.jpg 1024w, https:\/\/sangregorio.edu.ec\/observatoriociudadano\/wp-content\/uploads\/2021\/10\/michael-09-1024x505-1-300x148.jpg 300w, https:\/\/sangregorio.edu.ec\/observatoriociudadano\/wp-content\/uploads\/2021\/10\/michael-09-1024x505-1-600x296.jpg 600w, https:\/\/sangregorio.edu.ec\/observatoriociudadano\/wp-content\/uploads\/2021\/10\/michael-09-1024x505-1-768x379.jpg 768w\" sizes=\"auto, (max-width: 1020px) 100vw, 1020px\" \/>\t\t\t\t\t\t\n\t\t\t\t\t<\/div>\n\t\t\t\t\t\t<\/a>\t\t\n<style>\n#image_2144229037 {\n  width: 100%;\n}\n<\/style>\n\t<\/div>\n\t\n<p style=\"text-align: justify;\">El pasado 8 de junio del 2021, Michel Geurts, Embajador de la Uni\u00f3n Europea visit\u00f3 Manab\u00ed, como parte de su recorrido en la ciudad de Portoviejo, conoci\u00f3 los proyectos de participaci\u00f3n ciudadana y resiliencia impulsados por la Iniciativa META a trav\u00e9s de la Mesa ciudadana Intercantonal de Manab\u00ed, iniciativas ciudadanas que recibieron fondo semilla y que son cofinanciadas por la Uni\u00f3n Europea.<\/p>\n<p style=\"text-align: justify;\">El Embajador Geurts, expres\u00f3 su alegr\u00eda ante los resultados de las diferentes iniciativas, as\u00ed como tambi\u00e9n reafirm\u00f3 su compromiso con el Ecuador y de manera especial Manab\u00ed, a quienes catalog\u00f3 como ejemplo para el resto del pa\u00eds.<\/p>\n<p style=\"text-align: justify;\">\u201cEl nivel Humano de todo lo que hacemos es una condici\u00f3n esencial para el \u00e9xito de la inversi\u00f3n en infraestructura o en reactivaci\u00f3n econ\u00f3mica\u201d expres\u00f3 el Embajador.<\/p>\n<p style=\"text-align: justify;\">El evento cont\u00f3 con presencia y exposici\u00f3n del Observatorio Ciudadano y compa\u00f1eros de la Subvenci\u00f3n \u00a1Ciudadan\u00eda: repensando el territorio post-terremoto\u201d de la zona norte de Manab\u00ed y esmeraldas.<\/p>\n<p style=\"text-align: justify;\">El \u00e9xito de estas iniciativas, as\u00ed como de las sub mesas de gobernanza, transparencia y agricultura motivan la presencia de la Uni\u00f3n Europea en el pa\u00eds.<\/p>\n","protected":false},"excerpt":{"rendered":"<p>El pasado 8 de junio del 2021, Michel Geurts, Embajador de la Uni\u00f3n Europea visit\u00f3 Manab\u00ed, como parte de su recorrido en la ciudad de Portoviejo, conoci\u00f3 los proyectos de participaci\u00f3n ciudadana y resiliencia impulsados por la Iniciativa META a trav\u00e9s de la Mesa ciudadana Intercantonal de Manab\u00ed, iniciativas ciudadanas que recibieron fondo semilla y [&#8230;]\n","protected":false},"author":1,"featured_media":817,"comment_status":"closed","ping_status":"open","sticky":false,"template":"","format":"standard","meta":{"footnotes":""},"categories":[20,19],"tags":[],"class_list":["post-225","post","type-post","status-publish","format-standard","has-post-thumbnail","hentry","category-comunidad","category-noticias"],"acf":[],"_links":{"self":[{"href":"https:\/\/sangregorio.edu.ec\/observatoriociudadano\/wp-json\/wp\/v2\/posts\/225","targetHints":{"allow":["GET"]}}],"collection":[{"href":"https:\/\/sangregorio.edu.ec\/observatoriociudadano\/wp-json\/wp\/v2\/posts"}],"about":[{"href":"https:\/\/sangregorio.edu.ec\/observatoriociudadano\/wp-json\/wp\/v2\/types\/post"}],"author":[{"embeddable":true,"href":"https:\/\/sangregorio.edu.ec\/observatoriociudadano\/wp-json\/wp\/v2\/users\/1"}],"replies":[{"embeddable":true,"href":"https:\/\/sangregorio.edu.ec\/observatoriociudadano\/wp-json\/wp\/v2\/comments?post=225"}],"version-history":[{"count":3,"href":"https:\/\/sangregorio.edu.ec\/observatoriociudadano\/wp-json\/wp\/v2\/posts\/225\/revisions"}],"predecessor-version":[{"id":786,"href":"https:\/\/sangregorio.edu.ec\/observatoriociudadano\/wp-json\/wp\/v2\/posts\/225\/revisions\/786"}],"wp:featuredmedia":[{"embeddable":true,"href":"https:\/\/sangregorio.edu.ec\/observatoriociudadano\/wp-json\/wp\/v2\/media\/817"}],"wp:attachment":[{"href":"https:\/\/sangregorio.edu.ec\/observatoriociudadano\/wp-json\/wp\/v2\/media?parent=225"}],"wp:term":[{"taxonomy":"category","embeddable":true,"href":"https:\/\/sangregorio.edu.ec\/observatoriociudadano\/wp-json\/wp\/v2\/categories?post=225"},{"taxonomy":"post_tag","embeddable":true,"href":"https:\/\/sangregorio.edu.ec\/observatoriociudadano\/wp-json\/wp\/v2\/tags?post=225"}],"curies":[{"name":"wp","href":"https:\/\/api.w.org\/{rel}","templated":true}]}}